{"id":9243,"date":"2024-01-26T16:03:49","date_gmt":"2024-01-26T15:03:49","guid":{"rendered":"https:\/\/www.catherine-destivelle.com\/laventure-editions-du-mont-blanc\/"},"modified":"2024-02-20T13:33:40","modified_gmt":"2024-02-20T12:33:40","slug":"laventure-editions-du-mont-blanc","status":"publish","type":"post","link":"https:\/\/www.catherine-destivelle.com\/en\/laventure-editions-du-mont-blanc\/","title":{"rendered":"The Mont-Blanc publishing adventure"},"content":{"rendered":"\t\t<div data-elementor-type=\"wp-post\" data-elementor-id=\"9243\" class=\"elementor elementor-9243 elementor-8640\" data-elementor-post-type=\"post\">\n\t\t\t\t<div class=\"elementor-element elementor-element-5749eb2 e-flex e-con-boxed e-con e-parent\" data-id=\"5749eb2\" data-element_type=\"container\" data-e-type=\"container\">\n\t\t\t\t\t<div class=\"e-con-inner\">\n\t\t\t\t<div class=\"elementor-element elementor-element-166bc8d2 elementor-widget elementor-widget-text-editor\" data-id=\"166bc8d2\" data-element_type=\"widget\" data-e-type=\"widget\" data-widget_type=\"text-editor.default\">\n\t\t\t\t<div class=\"elementor-widget-container\">\n\t\t\t\t\t\t\t\t\t\n<p>It&#8217;s been a decade now since I embarked on the adventure of \u00c9ditions du Mont-Blanc, an adventure as exhilarating as a climb. Today, my passion for the mountains and climbing is no longer just expressed on the rock faces, it&#8217;s revealed on screen, echoes from the microphones of the conferences I have the pleasure of sharing, and of course finds an echo in the pages of the books I publish.<br>So, through \u00c9ditions du Mont-Blanc, I seek to inspire, educate and make people dream, creating bridges between the reader and the majestic peaks that rise beyond the pages. This literary adventure is as captivating as the mountains we so love to explore.<\/p>\n\t\t\t\t\t\t\t\t<\/div>\n\t\t\t\t<\/div>\n\t\t\t\t\t<\/div>\n\t\t\t\t<\/div>\n\t\t<div class=\"elementor-element elementor-element-9d38ae2 e-flex e-con-boxed e-con e-parent\" data-id=\"9d38ae2\" data-element_type=\"container\" data-e-type=\"container\">\n\t\t\t\t\t<div class=\"e-con-inner\">\n\t\t<div class=\"elementor-element elementor-element-f9a2786 e-con-full e-flex e-con e-child\" data-id=\"f9a2786\" data-element_type=\"container\" data-e-type=\"container\">\n\t\t\t\t<div class=\"elementor-element elementor-element-65635db elementor-widget elementor-widget-image\" data-id=\"65635db\" data-element_type=\"widget\" data-e-type=\"widget\" data-widget_type=\"image.default\">\n\t\t\t\t<div class=\"elementor-widget-container\">\n\t\t\t\t\t\t\t\t\t\t\t\t\t\t\t\t<a href=\"https:\/\/www.editionsdumontblanc.com\/accueil\/172-il-etait-une-fois-l-escalade.html\" target=\"_blank\">\n\t\t\t\t\t\t\t<img decoding=\"async\" src=\"https:\/\/www.catherine-destivelle.com\/wp-content\/uploads\/2024\/01\/3D_couv_escalade.png\" title=\"Couverture livre escalade\" alt=\"Couverture livre escalade\" loading=\"lazy\" \/>\t\t\t\t\t\t\t\t<\/a>\n\t\t\t\t\t\t\t\t\t\t\t\t\t\t\t<\/div>\n\t\t\t\t<\/div>\n\t\t\t\t<\/div>\n\t\t<div class=\"elementor-element elementor-element-daebf16 e-con-full e-flex e-con e-child\" data-id=\"daebf16\" data-element_type=\"container\" data-e-type=\"container\">\n\t\t\t\t<div class=\"elementor-element elementor-element-d789235 elementor-widget elementor-widget-image\" data-id=\"d789235\" data-element_type=\"widget\" data-e-type=\"widget\" data-widget_type=\"image.default\">\n\t\t\t\t<div class=\"elementor-widget-container\">\n\t\t\t\t\t\t\t\t\t\t\t\t\t\t\t\t<a href=\"https:\/\/www.editionsdumontblanc.com\/recits\/165-le-monde-d-en-haut.html\">\n\t\t\t\t\t\t\t<img fetchpriority=\"high\" decoding=\"async\" width=\"508\" height=\"588\" src=\"https:\/\/www.catherine-destivelle.com\/wp-content\/uploads\/2024\/01\/Capture-decran-2023-10-04-a-16.20.03.png\" class=\"attachment-full size-full wp-image-9153\" alt=\"\" srcset=\"https:\/\/www.catherine-destivelle.com\/wp-content\/uploads\/2024\/01\/Capture-decran-2023-10-04-a-16.20.03.png 508w, https:\/\/www.catherine-destivelle.com\/wp-content\/uploads\/2024\/01\/Capture-decran-2023-10-04-a-16.20.03-259x300.png 259w\" sizes=\"(max-width: 508px) 100vw, 508px\" \/>\t\t\t\t\t\t\t\t<\/a>\n\t\t\t\t\t\t\t\t\t\t\t\t\t\t\t<\/div>\n\t\t\t\t<\/div>\n\t\t\t\t<\/div>\n\t\t<div class=\"elementor-element elementor-element-197b6c7 e-con-full e-flex e-con e-child\" data-id=\"197b6c7\" data-element_type=\"container\" data-e-type=\"container\">\n\t\t\t\t<div class=\"elementor-element elementor-element-2d55f4e elementor-widget elementor-widget-image\" data-id=\"2d55f4e\" data-element_type=\"widget\" data-e-type=\"widget\" data-widget_type=\"image.default\">\n\t\t\t\t<div class=\"elementor-widget-container\">\n\t\t\t\t\t\t\t\t\t\t\t\t\t\t\t\t<a href=\"https:\/\/www.editionsdumontblanc.com\/jeunesse\/73-lalpinisme-tu-connais-.html\" target=\"_blank\">\n\t\t\t\t\t\t\t<img decoding=\"async\" width=\"604\" height=\"610\" src=\"https:\/\/www.catherine-destivelle.com\/wp-content\/uploads\/2024\/01\/Capture-decran-2023-10-04-a-16.19.55.png\" class=\"attachment-full size-full wp-image-9152\" alt=\"\" srcset=\"https:\/\/www.catherine-destivelle.com\/wp-content\/uploads\/2024\/01\/Capture-decran-2023-10-04-a-16.19.55.png 604w, https:\/\/www.catherine-destivelle.com\/wp-content\/uploads\/2024\/01\/Capture-decran-2023-10-04-a-16.19.55-297x300.png 297w, https:\/\/www.catherine-destivelle.com\/wp-content\/uploads\/2024\/01\/Capture-decran-2023-10-04-a-16.19.55-150x150.png 150w\" sizes=\"(max-width: 604px) 100vw, 604px\" \/>\t\t\t\t\t\t\t\t<\/a>\n\t\t\t\t\t\t\t\t\t\t\t\t\t\t\t<\/div>\n\t\t\t\t<\/div>\n\t\t\t\t<\/div>\n\t\t<div class=\"elementor-element elementor-element-bd139a2 e-con-full e-flex e-con e-child\" data-id=\"bd139a2\" data-element_type=\"container\" data-e-type=\"container\">\n\t\t\t\t<div class=\"elementor-element elementor-element-96d3620 elementor-widget elementor-widget-image\" data-id=\"96d3620\" data-element_type=\"widget\" data-e-type=\"widget\" data-widget_type=\"image.default\">\n\t\t\t\t<div class=\"elementor-widget-container\">\n\t\t\t\t\t\t\t\t\t\t\t\t\t\t\t\t<a href=\"https:\/\/www.editionsdumontblanc.com\/26-mont-blanc-noir\" target=\"_blank\">\n\t\t\t\t\t\t\t<img decoding=\"async\" src=\"https:\/\/www.catherine-destivelle.com\/wp-content\/uploads\/2024\/01\/Capture-decran-2023-10-04-a-16.19.46.png\" title=\"Capture d\u2019e\u0301cran 2023-10-04 a\u0300 16.19.46\" alt=\"Capture d\u2019e\u0301cran 2023-10-04 a\u0300 16.19.46\" loading=\"lazy\" \/>\t\t\t\t\t\t\t\t<\/a>\n\t\t\t\t\t\t\t\t\t\t\t\t\t\t\t<\/div>\n\t\t\t\t<\/div>\n\t\t\t\t<\/div>\n\t\t<div class=\"elementor-element elementor-element-5a6ea7d e-con-full e-flex e-con e-child\" data-id=\"5a6ea7d\" data-element_type=\"container\" data-e-type=\"container\">\n\t\t\t\t<div class=\"elementor-element elementor-element-1259ee9 elementor-widget elementor-widget-image\" data-id=\"1259ee9\" data-element_type=\"widget\" data-e-type=\"widget\" data-widget_type=\"image.default\">\n\t\t\t\t<div class=\"elementor-widget-container\">\n\t\t\t\t\t\t\t\t\t\t\t\t\t\t\t<img decoding=\"async\" width=\"496\" height=\"544\" src=\"https:\/\/www.catherine-destivelle.com\/wp-content\/uploads\/2024\/01\/Capture-decran-2023-10-04-a-16.20.10.png\" class=\"attachment-full size-full wp-image-9154\" alt=\"\" srcset=\"https:\/\/www.catherine-destivelle.com\/wp-content\/uploads\/2024\/01\/Capture-decran-2023-10-04-a-16.20.10.png 496w, https:\/\/www.catherine-destivelle.com\/wp-content\/uploads\/2024\/01\/Capture-decran-2023-10-04-a-16.20.10-274x300.png 274w\" sizes=\"(max-width: 496px) 100vw, 496px\" \/>\t\t\t\t\t\t\t\t\t\t\t\t\t\t\t<\/div>\n\t\t\t\t<\/div>\n\t\t\t\t<\/div>\n\t\t\t\t\t<\/div>\n\t\t\t\t<\/div>\n\t\t<div class=\"elementor-element elementor-element-184ae82 e-flex e-con-boxed e-con e-parent\" data-id=\"184ae82\" data-element_type=\"container\" data-e-type=\"container\">\n\t\t\t\t\t<div class=\"e-con-inner\">\n\t\t\t\t<div class=\"elementor-element elementor-element-245d7ec elementor-widget elementor-widget-text-editor\" data-id=\"245d7ec\" data-element_type=\"widget\" data-e-type=\"widget\" data-widget_type=\"text-editor.default\">\n\t\t\t\t<div class=\"elementor-widget-container\">\n\t\t\t\t\t\t\t\t\t<p><\/p><p>But my literary history doesn&#8217;t stop at publishing!<br \/>I&#8217;ve also been able to put pen to paper, writing 9 books, listed below:<\/p><ul><li><i>Danseuse de roc<\/i>, Deno\u00ebl, 1987<\/li><li><i>Rocs nature<\/i> (photos by G\u00e9rard Kosicki), Deno\u00ebl, 1991<\/li><li><i>Annapurna: duo pour un 8000<\/i> with \u00c9rik Decamp, Arthaud, 1994<\/li><li><i>L&#8217;Apprenti Alpiniste: l&#8217;escalade, l&#8217;alpinisme et la montagne expliqu\u00e9s aux enfants<\/i> (with \u00c9rik Decamp, illustrated by Gianni Bersezio), Hachette jeunesse, 1996<\/li><li><i>Ascensions<\/i>, Arthaud, first published in 1997<\/li><li><i>Le Petit Alpiniste<\/i> with \u00c9rik Decamp, illustrated by Claire Robert, Gu\u00e9rin, 2009<\/li><li><i>L&#8217;escalade, tu connais ?<\/i>, \u00c9ditions du Mont Blanc, 2017<\/li><li><i>L&#8217;alpinisme, tu connais ?<\/i>, \u00c9ditions du Mont Blanc, 2019<\/li><li><i>Il \u00e9tait une fois l&#8217;escalade<\/i> with David Chambre, \u00c9ditions Des Ar\u00e8nes and \u00c9ditions du Mont Blanc, 2023<\/li><\/ul><p><\/p>\t\t\t\t\t\t\t\t<\/div>\n\t\t\t\t<\/div>\n\t\t\t\t\t<\/div>\n\t\t\t\t<\/div>\n\t\t\t\t<\/div>\n\t\t","protected":false},"excerpt":{"rendered":"<p>It&#8217;s been a decade now since I embarked on the adventure of \u00c9ditions du Mont-Blanc, an adventure as exhilarating as a climb. Today, my passion for the mountains and climbing is no longer just expressed on the rock faces, it&#8217;s revealed on screen, echoes from the microphones of the conferences I have the pleasure of sharing, and of course finds an echo in the pages of the books I publish.<br \/>\nSo, through \u00c9ditions du Mont-Blanc, I seek to inspire, educate and make people dream, creating bridges between the reader and the majestic peaks that rise beyond the pages. This literary adventure is as captivating as the mountains we so love to explore.<\/p>\n","protected":false},"author":1,"featured_media":9078,"comment_status":"closed","ping_status":"closed","sticky":false,"template":"","format":"standard","meta":{"footnotes":""},"categories":[1],"tags":[],"class_list":["post-9243","post","type-post","status-publish","format-standard","has-post-thumbnail","hentry","category-non-classifiee"],"yoast_head":"<!-- This site is optimized with the Yoast SEO plugin v27.3 - https:\/\/yoast.com\/product\/yoast-seo-wordpress\/ -->\n<title>The Mont-Blanc publishing adventure - Catherine Destivelle<\/title>\n<meta name=\"robots\" content=\"index, follow, max-snippet:-1, max-image-preview:large, max-video-preview:-1\" \/>\n<link rel=\"canonical\" href=\"https:\/\/www.catherine-destivelle.com\/en\/laventure-editions-du-mont-blanc\/\" \/>\n<meta property=\"og:locale\" content=\"en_US\" \/>\n<meta property=\"og:type\" content=\"article\" \/>\n<meta property=\"og:title\" content=\"The Mont-Blanc publishing adventure - Catherine Destivelle\" \/>\n<meta property=\"og:description\" content=\"It&#039;s been a decade now since I embarked on the adventure of \u00c9ditions du Mont-Blanc, an adventure as exhilarating as a climb. Today, my passion for the mountains and climbing is no longer just expressed on the rock faces, it&#039;s revealed on screen, echoes from the microphones of the conferences I have the pleasure of sharing, and of course finds an echo in the pages of the books I publish. So, through \u00c9ditions du Mont-Blanc, I seek to inspire, educate and make people dream, creating bridges between the reader and the majestic peaks that rise beyond the pages. This literary adventure is as captivating as the mountains we so love to explore.\" \/>\n<meta property=\"og:url\" content=\"https:\/\/www.catherine-destivelle.com\/en\/laventure-editions-du-mont-blanc\/\" \/>\n<meta property=\"og:site_name\" content=\"Catherine Destivelle\" \/>\n<meta property=\"article:publisher\" content=\"https:\/\/www.facebook.com\/pages\/Catherine-Destivelle\/317649322489\" \/>\n<meta property=\"article:published_time\" content=\"2024-01-26T15:03:49+00:00\" \/>\n<meta property=\"article:modified_time\" content=\"2024-02-20T12:33:40+00:00\" \/>\n<meta property=\"og:image\" content=\"https:\/\/www.catherine-destivelle.com\/wp-content\/uploads\/2024\/01\/2019_DESTIVELLE_EDITRICE.jpg\" \/>\n\t<meta property=\"og:image:width\" content=\"1920\" \/>\n\t<meta property=\"og:image:height\" content=\"1440\" \/>\n\t<meta property=\"og:image:type\" content=\"image\/jpeg\" \/>\n<meta name=\"author\" content=\"@CDest\" \/>\n<meta name=\"twitter:card\" content=\"summary_large_image\" \/>\n<meta name=\"twitter:creator\" content=\"@CatDestivelle\" \/>\n<meta name=\"twitter:site\" content=\"@CatDestivelle\" \/>\n<meta name=\"twitter:label1\" content=\"Written by\" \/>\n\t<meta name=\"twitter:data1\" content=\"@CDest\" \/>\n\t<meta name=\"twitter:label2\" content=\"Est. reading time\" \/>\n\t<meta name=\"twitter:data2\" content=\"1 minute\" \/>\n<script type=\"application\/ld+json\" class=\"yoast-schema-graph\">{\"@context\":\"https:\\\/\\\/schema.org\",\"@graph\":[{\"@type\":\"Article\",\"@id\":\"https:\\\/\\\/www.catherine-destivelle.com\\\/en\\\/laventure-editions-du-mont-blanc\\\/#article\",\"isPartOf\":{\"@id\":\"https:\\\/\\\/www.catherine-destivelle.com\\\/en\\\/laventure-editions-du-mont-blanc\\\/\"},\"author\":{\"name\":\"@CDest\",\"@id\":\"https:\\\/\\\/www.catherine-destivelle.com\\\/en\\\/#\\\/schema\\\/person\\\/82fac31552a56d1754002548b5559764\"},\"headline\":\"The Mont-Blanc publishing adventure\",\"datePublished\":\"2024-01-26T15:03:49+00:00\",\"dateModified\":\"2024-02-20T12:33:40+00:00\",\"mainEntityOfPage\":{\"@id\":\"https:\\\/\\\/www.catherine-destivelle.com\\\/en\\\/laventure-editions-du-mont-blanc\\\/\"},\"wordCount\":237,\"publisher\":{\"@id\":\"https:\\\/\\\/www.catherine-destivelle.com\\\/en\\\/#organization\"},\"image\":{\"@id\":\"https:\\\/\\\/www.catherine-destivelle.com\\\/en\\\/laventure-editions-du-mont-blanc\\\/#primaryimage\"},\"thumbnailUrl\":\"https:\\\/\\\/www.catherine-destivelle.com\\\/wp-content\\\/uploads\\\/2024\\\/01\\\/2019_DESTIVELLE_EDITRICE.jpg\",\"articleSection\":[\"Non classifi\u00e9(e)\"],\"inLanguage\":\"en-US\"},{\"@type\":\"WebPage\",\"@id\":\"https:\\\/\\\/www.catherine-destivelle.com\\\/en\\\/laventure-editions-du-mont-blanc\\\/\",\"url\":\"https:\\\/\\\/www.catherine-destivelle.com\\\/en\\\/laventure-editions-du-mont-blanc\\\/\",\"name\":\"The Mont-Blanc publishing adventure - Catherine Destivelle\",\"isPartOf\":{\"@id\":\"https:\\\/\\\/www.catherine-destivelle.com\\\/en\\\/#website\"},\"primaryImageOfPage\":{\"@id\":\"https:\\\/\\\/www.catherine-destivelle.com\\\/en\\\/laventure-editions-du-mont-blanc\\\/#primaryimage\"},\"image\":{\"@id\":\"https:\\\/\\\/www.catherine-destivelle.com\\\/en\\\/laventure-editions-du-mont-blanc\\\/#primaryimage\"},\"thumbnailUrl\":\"https:\\\/\\\/www.catherine-destivelle.com\\\/wp-content\\\/uploads\\\/2024\\\/01\\\/2019_DESTIVELLE_EDITRICE.jpg\",\"datePublished\":\"2024-01-26T15:03:49+00:00\",\"dateModified\":\"2024-02-20T12:33:40+00:00\",\"breadcrumb\":{\"@id\":\"https:\\\/\\\/www.catherine-destivelle.com\\\/en\\\/laventure-editions-du-mont-blanc\\\/#breadcrumb\"},\"inLanguage\":\"en-US\",\"potentialAction\":[{\"@type\":\"ReadAction\",\"target\":[\"https:\\\/\\\/www.catherine-destivelle.com\\\/en\\\/laventure-editions-du-mont-blanc\\\/\"]}]},{\"@type\":\"ImageObject\",\"inLanguage\":\"en-US\",\"@id\":\"https:\\\/\\\/www.catherine-destivelle.com\\\/en\\\/laventure-editions-du-mont-blanc\\\/#primaryimage\",\"url\":\"https:\\\/\\\/www.catherine-destivelle.com\\\/wp-content\\\/uploads\\\/2024\\\/01\\\/2019_DESTIVELLE_EDITRICE.jpg\",\"contentUrl\":\"https:\\\/\\\/www.catherine-destivelle.com\\\/wp-content\\\/uploads\\\/2024\\\/01\\\/2019_DESTIVELLE_EDITRICE.jpg\",\"width\":1920,\"height\":1440},{\"@type\":\"BreadcrumbList\",\"@id\":\"https:\\\/\\\/www.catherine-destivelle.com\\\/en\\\/laventure-editions-du-mont-blanc\\\/#breadcrumb\",\"itemListElement\":[{\"@type\":\"ListItem\",\"position\":1,\"name\":\"Accueil\",\"item\":\"https:\\\/\\\/www.catherine-destivelle.com\\\/\"},{\"@type\":\"ListItem\",\"position\":2,\"name\":\"The Mont-Blanc publishing adventure\"}]},{\"@type\":\"WebSite\",\"@id\":\"https:\\\/\\\/www.catherine-destivelle.com\\\/en\\\/#website\",\"url\":\"https:\\\/\\\/www.catherine-destivelle.com\\\/en\\\/\",\"name\":\"Catherine Destivelle\",\"description\":\"Alpiniste \u2013 Prestations\",\"publisher\":{\"@id\":\"https:\\\/\\\/www.catherine-destivelle.com\\\/en\\\/#organization\"},\"potentialAction\":[{\"@type\":\"SearchAction\",\"target\":{\"@type\":\"EntryPoint\",\"urlTemplate\":\"https:\\\/\\\/www.catherine-destivelle.com\\\/en\\\/?s={search_term_string}\"},\"query-input\":{\"@type\":\"PropertyValueSpecification\",\"valueRequired\":true,\"valueName\":\"search_term_string\"}}],\"inLanguage\":\"en-US\"},{\"@type\":\"Organization\",\"@id\":\"https:\\\/\\\/www.catherine-destivelle.com\\\/en\\\/#organization\",\"name\":\"Catherine Destivelle\",\"url\":\"https:\\\/\\\/www.catherine-destivelle.com\\\/en\\\/\",\"logo\":{\"@type\":\"ImageObject\",\"inLanguage\":\"en-US\",\"@id\":\"https:\\\/\\\/www.catherine-destivelle.com\\\/en\\\/#\\\/schema\\\/logo\\\/image\\\/\",\"url\":\"https:\\\/\\\/www.catherine-destivelle.com\\\/wp-content\\\/uploads\\\/2024\\\/01\\\/catherine-destivelle.png\",\"contentUrl\":\"https:\\\/\\\/www.catherine-destivelle.com\\\/wp-content\\\/uploads\\\/2024\\\/01\\\/catherine-destivelle.png\",\"width\":3707,\"height\":1559,\"caption\":\"Catherine Destivelle\"},\"image\":{\"@id\":\"https:\\\/\\\/www.catherine-destivelle.com\\\/en\\\/#\\\/schema\\\/logo\\\/image\\\/\"},\"sameAs\":[\"https:\\\/\\\/www.facebook.com\\\/pages\\\/Catherine-Destivelle\\\/317649322489\",\"https:\\\/\\\/x.com\\\/CatDestivelle\",\"https:\\\/\\\/www.linkedin.com\\\/in\\\/catherine-destivelle-b9967059\\\/?originalSubdomain=fr\"]},{\"@type\":\"Person\",\"@id\":\"https:\\\/\\\/www.catherine-destivelle.com\\\/en\\\/#\\\/schema\\\/person\\\/82fac31552a56d1754002548b5559764\",\"name\":\"@CDest\",\"sameAs\":[\"https:\\\/\\\/www.catherine-destivelle.com\"],\"url\":\"https:\\\/\\\/www.catherine-destivelle.com\\\/en\\\/author\\\/cdest\\\/\"}]}<\/script>\n<!-- \/ Yoast SEO plugin. -->","yoast_head_json":{"title":"The Mont-Blanc publishing adventure - Catherine Destivelle","robots":{"index":"index","follow":"follow","max-snippet":"max-snippet:-1","max-image-preview":"max-image-preview:large","max-video-preview":"max-video-preview:-1"},"canonical":"https:\/\/www.catherine-destivelle.com\/en\/laventure-editions-du-mont-blanc\/","og_locale":"en_US","og_type":"article","og_title":"The Mont-Blanc publishing adventure - Catherine Destivelle","og_description":"It's been a decade now since I embarked on the adventure of \u00c9ditions du Mont-Blanc, an adventure as exhilarating as a climb. Today, my passion for the mountains and climbing is no longer just expressed on the rock faces, it's revealed on screen, echoes from the microphones of the conferences I have the pleasure of sharing, and of course finds an echo in the pages of the books I publish. So, through \u00c9ditions du Mont-Blanc, I seek to inspire, educate and make people dream, creating bridges between the reader and the majestic peaks that rise beyond the pages. This literary adventure is as captivating as the mountains we so love to explore.","og_url":"https:\/\/www.catherine-destivelle.com\/en\/laventure-editions-du-mont-blanc\/","og_site_name":"Catherine Destivelle","article_publisher":"https:\/\/www.facebook.com\/pages\/Catherine-Destivelle\/317649322489","article_published_time":"2024-01-26T15:03:49+00:00","article_modified_time":"2024-02-20T12:33:40+00:00","og_image":[{"width":1920,"height":1440,"url":"https:\/\/www.catherine-destivelle.com\/wp-content\/uploads\/2024\/01\/2019_DESTIVELLE_EDITRICE.jpg","type":"image\/jpeg"}],"author":"@CDest","twitter_card":"summary_large_image","twitter_creator":"@CatDestivelle","twitter_site":"@CatDestivelle","twitter_misc":{"Written by":"@CDest","Est. reading time":"1 minute"},"schema":{"@context":"https:\/\/schema.org","@graph":[{"@type":"Article","@id":"https:\/\/www.catherine-destivelle.com\/en\/laventure-editions-du-mont-blanc\/#article","isPartOf":{"@id":"https:\/\/www.catherine-destivelle.com\/en\/laventure-editions-du-mont-blanc\/"},"author":{"name":"@CDest","@id":"https:\/\/www.catherine-destivelle.com\/en\/#\/schema\/person\/82fac31552a56d1754002548b5559764"},"headline":"The Mont-Blanc publishing adventure","datePublished":"2024-01-26T15:03:49+00:00","dateModified":"2024-02-20T12:33:40+00:00","mainEntityOfPage":{"@id":"https:\/\/www.catherine-destivelle.com\/en\/laventure-editions-du-mont-blanc\/"},"wordCount":237,"publisher":{"@id":"https:\/\/www.catherine-destivelle.com\/en\/#organization"},"image":{"@id":"https:\/\/www.catherine-destivelle.com\/en\/laventure-editions-du-mont-blanc\/#primaryimage"},"thumbnailUrl":"https:\/\/www.catherine-destivelle.com\/wp-content\/uploads\/2024\/01\/2019_DESTIVELLE_EDITRICE.jpg","articleSection":["Non classifi\u00e9(e)"],"inLanguage":"en-US"},{"@type":"WebPage","@id":"https:\/\/www.catherine-destivelle.com\/en\/laventure-editions-du-mont-blanc\/","url":"https:\/\/www.catherine-destivelle.com\/en\/laventure-editions-du-mont-blanc\/","name":"The Mont-Blanc publishing adventure - Catherine Destivelle","isPartOf":{"@id":"https:\/\/www.catherine-destivelle.com\/en\/#website"},"primaryImageOfPage":{"@id":"https:\/\/www.catherine-destivelle.com\/en\/laventure-editions-du-mont-blanc\/#primaryimage"},"image":{"@id":"https:\/\/www.catherine-destivelle.com\/en\/laventure-editions-du-mont-blanc\/#primaryimage"},"thumbnailUrl":"https:\/\/www.catherine-destivelle.com\/wp-content\/uploads\/2024\/01\/2019_DESTIVELLE_EDITRICE.jpg","datePublished":"2024-01-26T15:03:49+00:00","dateModified":"2024-02-20T12:33:40+00:00","breadcrumb":{"@id":"https:\/\/www.catherine-destivelle.com\/en\/laventure-editions-du-mont-blanc\/#breadcrumb"},"inLanguage":"en-US","potentialAction":[{"@type":"ReadAction","target":["https:\/\/www.catherine-destivelle.com\/en\/laventure-editions-du-mont-blanc\/"]}]},{"@type":"ImageObject","inLanguage":"en-US","@id":"https:\/\/www.catherine-destivelle.com\/en\/laventure-editions-du-mont-blanc\/#primaryimage","url":"https:\/\/www.catherine-destivelle.com\/wp-content\/uploads\/2024\/01\/2019_DESTIVELLE_EDITRICE.jpg","contentUrl":"https:\/\/www.catherine-destivelle.com\/wp-content\/uploads\/2024\/01\/2019_DESTIVELLE_EDITRICE.jpg","width":1920,"height":1440},{"@type":"BreadcrumbList","@id":"https:\/\/www.catherine-destivelle.com\/en\/laventure-editions-du-mont-blanc\/#breadcrumb","itemListElement":[{"@type":"ListItem","position":1,"name":"Accueil","item":"https:\/\/www.catherine-destivelle.com\/"},{"@type":"ListItem","position":2,"name":"The Mont-Blanc publishing adventure"}]},{"@type":"WebSite","@id":"https:\/\/www.catherine-destivelle.com\/en\/#website","url":"https:\/\/www.catherine-destivelle.com\/en\/","name":"Catherine Destivelle","description":"Alpiniste \u2013 Prestations","publisher":{"@id":"https:\/\/www.catherine-destivelle.com\/en\/#organization"},"potentialAction":[{"@type":"SearchAction","target":{"@type":"EntryPoint","urlTemplate":"https:\/\/www.catherine-destivelle.com\/en\/?s={search_term_string}"},"query-input":{"@type":"PropertyValueSpecification","valueRequired":true,"valueName":"search_term_string"}}],"inLanguage":"en-US"},{"@type":"Organization","@id":"https:\/\/www.catherine-destivelle.com\/en\/#organization","name":"Catherine Destivelle","url":"https:\/\/www.catherine-destivelle.com\/en\/","logo":{"@type":"ImageObject","inLanguage":"en-US","@id":"https:\/\/www.catherine-destivelle.com\/en\/#\/schema\/logo\/image\/","url":"https:\/\/www.catherine-destivelle.com\/wp-content\/uploads\/2024\/01\/catherine-destivelle.png","contentUrl":"https:\/\/www.catherine-destivelle.com\/wp-content\/uploads\/2024\/01\/catherine-destivelle.png","width":3707,"height":1559,"caption":"Catherine Destivelle"},"image":{"@id":"https:\/\/www.catherine-destivelle.com\/en\/#\/schema\/logo\/image\/"},"sameAs":["https:\/\/www.facebook.com\/pages\/Catherine-Destivelle\/317649322489","https:\/\/x.com\/CatDestivelle","https:\/\/www.linkedin.com\/in\/catherine-destivelle-b9967059\/?originalSubdomain=fr"]},{"@type":"Person","@id":"https:\/\/www.catherine-destivelle.com\/en\/#\/schema\/person\/82fac31552a56d1754002548b5559764","name":"@CDest","sameAs":["https:\/\/www.catherine-destivelle.com"],"url":"https:\/\/www.catherine-destivelle.com\/en\/author\/cdest\/"}]}},"_links":{"self":[{"href":"https:\/\/www.catherine-destivelle.com\/en\/wp-json\/wp\/v2\/posts\/9243","targetHints":{"allow":["GET"]}}],"collection":[{"href":"https:\/\/www.catherine-destivelle.com\/en\/wp-json\/wp\/v2\/posts"}],"about":[{"href":"https:\/\/www.catherine-destivelle.com\/en\/wp-json\/wp\/v2\/types\/post"}],"author":[{"embeddable":true,"href":"https:\/\/www.catherine-destivelle.com\/en\/wp-json\/wp\/v2\/users\/1"}],"replies":[{"embeddable":true,"href":"https:\/\/www.catherine-destivelle.com\/en\/wp-json\/wp\/v2\/comments?post=9243"}],"version-history":[{"count":19,"href":"https:\/\/www.catherine-destivelle.com\/en\/wp-json\/wp\/v2\/posts\/9243\/revisions"}],"predecessor-version":[{"id":9308,"href":"https:\/\/www.catherine-destivelle.com\/en\/wp-json\/wp\/v2\/posts\/9243\/revisions\/9308"}],"wp:featuredmedia":[{"embeddable":true,"href":"https:\/\/www.catherine-destivelle.com\/en\/wp-json\/wp\/v2\/media\/9078"}],"wp:attachment":[{"href":"https:\/\/www.catherine-destivelle.com\/en\/wp-json\/wp\/v2\/media?parent=9243"}],"wp:term":[{"taxonomy":"category","embeddable":true,"href":"https:\/\/www.catherine-destivelle.com\/en\/wp-json\/wp\/v2\/categories?post=9243"},{"taxonomy":"post_tag","embeddable":true,"href":"https:\/\/www.catherine-destivelle.com\/en\/wp-json\/wp\/v2\/tags?post=9243"}],"curies":[{"name":"wp","href":"https:\/\/api.w.org\/{rel}","templated":true}]}}